{"id":4816,"date":"2017-08-14T17:06:20","date_gmt":"2017-08-14T17:06:20","guid":{"rendered":"https:\/\/www.acotral.com\/acotral-recibe-el-premio-empresa-saludable-2015\/"},"modified":"2017-08-14T17:06:20","modified_gmt":"2017-08-14T17:06:20","slug":"acotral-recibe-el-premio-empresa-saludable-2015","status":"publish","type":"post","link":"https:\/\/www.acotral.com\/fr\/acotral-recibe-el-premio-empresa-saludable-2015\/","title":{"rendered":"ACOTRAL RECIBE EL PREMIO EMPRESA SALUDABLE 2015"},"content":{"rendered":"<p>El pasado d\u00eda 12 de mayo, Acotral recibi\u00f3 el PREMIO EMPRESA SALUDABLE 2015, instituido por la Mutua MAZ, por \u201csu implicaci\u00f3n en la promoci\u00f3n y seguridad de sus trabajadores\u201d. En la concesi\u00f3n se valor\u00f3 \u201cla original campa\u00f1a de sensibilizaci\u00f3n entre sus trabajadores que integra c\u00f3mics, v\u00eddeos, pegatinas o chalecos con consejos de seguridad\u201d. La entrega del premio, otorgado en la categor\u00eda de empresas de m\u00e1s de 149 trabajadores, se realiz\u00f3 coincidiendo con la inauguraci\u00f3n de la remodelada sede de MAZ en M\u00e1laga.<\/p>\n<p>En el acto estuvieron presentes, entre otros, D. Jos\u00e9 Carlos Lacasa, presidente de la Mutua MAZ, D. Manuel Prieto, director provincial del Instituto Nacional de la Seguridad Social, D\u00aa Roc\u00edo Blanco, directora provincial de la Tesorer\u00eda General de la Seguridad Social, y D\u00aa Adelaida de la Calle, rectora de la Universidad de M\u00e1laga.<\/p>\n<p>El Consejero Delegado de Acotral, D. Borja de Torres, recibi\u00f3 el premio, acompa\u00f1ado de directivos de Acotral, junto con la Representaci\u00f3n Legal de Trabajadores (Comit\u00e9 Intercentros).<\/p>\n","protected":false},"excerpt":{"rendered":"<p>El pasado d\u00eda 12 de mayo, Acotral recibi\u00f3 el PREMIO EMPRESA SALUDABLE 2015, instituido por la Mutua MAZ, por \u201csu implicaci\u00f3n en la promoci\u00f3n y seguridad de sus trabajadores\u201d. En la concesi\u00f3n se valor\u00f3 \u201cla original campa\u00f1a de sensibilizaci\u00f3n entre sus trabajadores que integra c\u00f3mics,&#8230;<\/p>\n","protected":false},"author":4,"featured_media":3717,"comment_status":"open","ping_status":"open","sticky":false,"template":"","format":"standard","meta":{"ngg_post_thumbnail":0,"footnotes":""},"categories":[85,87],"tags":[],"class_list":["post-4816","post","type-post","status-publish","format-standard","has-post-thumbnail","hentry","category-noticias-fr","category-salud-medioambiente-fr"],"_links":{"self":[{"href":"https:\/\/www.acotral.com\/fr\/wp-json\/wp\/v2\/posts\/4816","targetHints":{"allow":["GET"]}}],"collection":[{"href":"https:\/\/www.acotral.com\/fr\/wp-json\/wp\/v2\/posts"}],"about":[{"href":"https:\/\/www.acotral.com\/fr\/wp-json\/wp\/v2\/types\/post"}],"author":[{"embeddable":true,"href":"https:\/\/www.acotral.com\/fr\/wp-json\/wp\/v2\/users\/4"}],"replies":[{"embeddable":true,"href":"https:\/\/www.acotral.com\/fr\/wp-json\/wp\/v2\/comments?post=4816"}],"version-history":[{"count":0,"href":"https:\/\/www.acotral.com\/fr\/wp-json\/wp\/v2\/posts\/4816\/revisions"}],"wp:featuredmedia":[{"embeddable":true,"href":"https:\/\/www.acotral.com\/fr\/wp-json\/wp\/v2\/media\/3717"}],"wp:attachment":[{"href":"https:\/\/www.acotral.com\/fr\/wp-json\/wp\/v2\/media?parent=4816"}],"wp:term":[{"taxonomy":"category","embeddable":true,"href":"https:\/\/www.acotral.com\/fr\/wp-json\/wp\/v2\/categories?post=4816"},{"taxonomy":"post_tag","embeddable":true,"href":"https:\/\/www.acotral.com\/fr\/wp-json\/wp\/v2\/tags?post=4816"}],"curies":[{"name":"wp","href":"https:\/\/api.w.org\/{rel}","templated":true}]}}