{"id":4794,"date":"2017-09-15T16:58:11","date_gmt":"2017-09-15T14:58:11","guid":{"rendered":"https:\/\/www.acotral.com\/jornadas-cetm-coordinacion-empresarial-y-jornadas-de-trabajo\/"},"modified":"2017-09-15T16:58:11","modified_gmt":"2017-09-15T14:58:11","slug":"jornadas-cetm-coordinacion-empresarial-y-jornadas-de-trabajo","status":"publish","type":"post","link":"https:\/\/www.acotral.com\/fr\/jornadas-cetm-coordinacion-empresarial-y-jornadas-de-trabajo\/","title":{"rendered":"Jornadas CETM: Coordinaci\u00f3n empresarial y jornadas de trabajo."},"content":{"rendered":"<p>El\u00a0pasado 22 marzo, en las jornadas organizadas por el CETM, con el objetivo de hablar sobre <strong>\u201cla coordinaci\u00f3n empresarial y las jornadas de trabajo\u201d<\/strong>, Isabel Rosillo , responsable de prevenci\u00f3n de Acotral, particip\u00a0hablando sobre la problem\u00e1tica del d\u00eda a d\u00eda en materia de coordinaci\u00f3n empresarial, destacando la necesidad urgente de una regulaci\u00f3n espec\u00edfica de nuestro sector.<\/p>\n<p style=\"text-align: left;\">Actualmente la burocracia tiene demasiado peso en la coordinaci\u00f3n empresarial\u00a0, debemos \u00a0trabajar m\u00e1s por conseguir el objetivo para el que fue creada\u00a0<strong>\u201cgarantizar la seguridad y salud de los<\/strong>\u00a0<strong>trabajadores<\/strong>\u00a0que concurren en un centro de trabajo\u201d si\u00a0 no lo hacemos, al paso que vamos , tendremos m\u00e1s personas gestionando papeles que conduciendo nuestros camiones.<\/p>\n<div id=\"attachment_1803\" style=\"width: 310px\" class=\"wp-caption aligncenter\"><img loading=\"lazy\" decoding=\"async\" aria-describedby=\"caption-attachment-1803\" class=\"size-medium wp-image-1803\" src=\"https:\/\/www.acotral.com\/wp-content\/uploads\/2017\/09\/4239755f4b41cfed9a70962e0b84e7951-300x225.gif\" alt=\"Isabel Rosillo,en un momento de su presentaci\u00f3n.\" width=\"300\" height=\"225\" \/><p id=\"caption-attachment-1803\" class=\"wp-caption-text\">Isabel Rosillo,en un momento de su presentaci\u00f3n.<\/p><\/div>\n","protected":false},"excerpt":{"rendered":"<p>El\u00a0pasado 22 marzo, en las jornadas organizadas por el CETM, con el objetivo de hablar sobre \u201cla coordinaci\u00f3n empresarial y las jornadas de trabajo\u201d, Isabel Rosillo , responsable de prevenci\u00f3n de Acotral, particip\u00a0hablando sobre la problem\u00e1tica del d\u00eda a d\u00eda en materia de coordinaci\u00f3n empresarial,&#8230;<\/p>\n","protected":false},"author":4,"featured_media":3731,"comment_status":"open","ping_status":"open","sticky":false,"template":"","format":"standard","meta":{"ngg_post_thumbnail":0,"footnotes":""},"categories":[85],"tags":[],"class_list":["post-4794","post","type-post","status-publish","format-standard","has-post-thumbnail","hentry","category-noticias-fr"],"_links":{"self":[{"href":"https:\/\/www.acotral.com\/fr\/wp-json\/wp\/v2\/posts\/4794","targetHints":{"allow":["GET"]}}],"collection":[{"href":"https:\/\/www.acotral.com\/fr\/wp-json\/wp\/v2\/posts"}],"about":[{"href":"https:\/\/www.acotral.com\/fr\/wp-json\/wp\/v2\/types\/post"}],"author":[{"embeddable":true,"href":"https:\/\/www.acotral.com\/fr\/wp-json\/wp\/v2\/users\/4"}],"replies":[{"embeddable":true,"href":"https:\/\/www.acotral.com\/fr\/wp-json\/wp\/v2\/comments?post=4794"}],"version-history":[{"count":0,"href":"https:\/\/www.acotral.com\/fr\/wp-json\/wp\/v2\/posts\/4794\/revisions"}],"wp:featuredmedia":[{"embeddable":true,"href":"https:\/\/www.acotral.com\/fr\/wp-json\/wp\/v2\/media\/3731"}],"wp:attachment":[{"href":"https:\/\/www.acotral.com\/fr\/wp-json\/wp\/v2\/media?parent=4794"}],"wp:term":[{"taxonomy":"category","embeddable":true,"href":"https:\/\/www.acotral.com\/fr\/wp-json\/wp\/v2\/categories?post=4794"},{"taxonomy":"post_tag","embeddable":true,"href":"https:\/\/www.acotral.com\/fr\/wp-json\/wp\/v2\/tags?post=4794"}],"curies":[{"name":"wp","href":"https:\/\/api.w.org\/{rel}","templated":true}]}}