{"id":4777,"date":"2018-03-09T09:42:04","date_gmt":"2018-03-09T08:42:04","guid":{"rendered":"https:\/\/www.acotral.com\/semana-de-la-seguridad-vial-en-acotral\/"},"modified":"2018-03-09T09:42:04","modified_gmt":"2018-03-09T08:42:04","slug":"semana-de-la-seguridad-vial-en-acotral","status":"publish","type":"post","link":"https:\/\/www.acotral.com\/fr\/semana-de-la-seguridad-vial-en-acotral\/","title":{"rendered":"Semana de la Seguridad Vial en Acotral"},"content":{"rendered":"<p>El Comit\u00e9 de Seguridad y Salud de Acotral, ha organizado unas jornadas de sensibilizaci\u00f3n y concienciaci\u00f3n a los trabajadores. El evento tendr\u00e1 lugar del 27 al 30 de noviembre en Antequera, con el objetivo de reducir los accidentes de tr\u00e1fico in itinere que, seg\u00fan los datos de mutua para el periodo 2010-2015, constituyen un 10% de los accidentes laborales.<\/p>\n<p>Estas jornadas constar\u00e1n de una parte te\u00f3rica donde se expondr\u00e1n los distintos factores que pueden influir en un accidente de tr\u00e1fico:<\/p>\n<ul>\n<li>Velocidad.<\/li>\n<li>Condiciones climatol\u00f3gicas adversas.<\/li>\n<li>Invasi\u00f3n de la v\u00eda por animales.<\/li>\n<li>Etc\u2026<img loading=\"lazy\" decoding=\"async\" class=\"size-medium wp-image-2132 alignleft\" src=\"https:\/\/www.acotral.com\/wp-content\/uploads\/2018\/03\/2wpta0z1-284x300.jpg\" alt=\"Acotral - Semana de la Seguridad Vial\" width=\"284\" height=\"300\" srcset=\"https:\/\/www.acotral.com\/wp-content\/uploads\/2018\/03\/2wpta0z1-284x300.jpg 284w, https:\/\/www.acotral.com\/wp-content\/uploads\/2018\/03\/2wpta0z1-768x810.jpg 768w, https:\/\/www.acotral.com\/wp-content\/uploads\/2018\/03\/2wpta0z1-971x1024.jpg 971w, https:\/\/www.acotral.com\/wp-content\/uploads\/2018\/03\/2wpta0z1-700x739.jpg 700w, https:\/\/www.acotral.com\/wp-content\/uploads\/2018\/03\/2wpta0z1.jpg 1200w\" sizes=\"auto, (max-width: 284px) 100vw, 284px\" \/>Tambi\u00e9n se propondr\u00e1n buenas pr\u00e1cticas para mejorar la seguridad en la conducci\u00f3n.<\/li>\n<\/ul>\n<p>En la segunda parte, que ser\u00e1 pr\u00e1ctica, los trabajadores estar\u00e1n acompa\u00f1ados por especialistas, y se usar\u00e1 un simulador de vuelco y otro de conducci\u00f3n con un doble objetivo:<\/p>\n<ul>\n<li>Concienciar\u00a0 de la importancia de los sistemas de retenci\u00f3n<\/li>\n<li>Enfrentarse a situaciones cotidianas que pueden afectar a los accidentes de trafico<\/li>\n<\/ul>\n<p>Esperamos que esta iniciativa ayude a nuestros trabajadores a conducir de una forma m\u00e1s segura.<\/p>\n","protected":false},"excerpt":{"rendered":"<p>El Comit\u00e9 de Seguridad y Salud de Acotral, ha organizado unas jornadas de sensibilizaci\u00f3n y concienciaci\u00f3n a los trabajadores. El evento tendr\u00e1 lugar del 27 al 30 de noviembre en Antequera, con el objetivo de reducir los accidentes de tr\u00e1fico in itinere que, seg\u00fan los&#8230;<\/p>\n","protected":false},"author":4,"featured_media":3701,"comment_status":"open","ping_status":"open","sticky":false,"template":"","format":"standard","meta":{"ngg_post_thumbnail":0,"footnotes":""},"categories":[90],"tags":[],"class_list":["post-4777","post","type-post","status-publish","format-standard","has-post-thumbnail","hentry","category-formacion-fr"],"_links":{"self":[{"href":"https:\/\/www.acotral.com\/fr\/wp-json\/wp\/v2\/posts\/4777","targetHints":{"allow":["GET"]}}],"collection":[{"href":"https:\/\/www.acotral.com\/fr\/wp-json\/wp\/v2\/posts"}],"about":[{"href":"https:\/\/www.acotral.com\/fr\/wp-json\/wp\/v2\/types\/post"}],"author":[{"embeddable":true,"href":"https:\/\/www.acotral.com\/fr\/wp-json\/wp\/v2\/users\/4"}],"replies":[{"embeddable":true,"href":"https:\/\/www.acotral.com\/fr\/wp-json\/wp\/v2\/comments?post=4777"}],"version-history":[{"count":0,"href":"https:\/\/www.acotral.com\/fr\/wp-json\/wp\/v2\/posts\/4777\/revisions"}],"wp:featuredmedia":[{"embeddable":true,"href":"https:\/\/www.acotral.com\/fr\/wp-json\/wp\/v2\/media\/3701"}],"wp:attachment":[{"href":"https:\/\/www.acotral.com\/fr\/wp-json\/wp\/v2\/media?parent=4777"}],"wp:term":[{"taxonomy":"category","embeddable":true,"href":"https:\/\/www.acotral.com\/fr\/wp-json\/wp\/v2\/categories?post=4777"},{"taxonomy":"post_tag","embeddable":true,"href":"https:\/\/www.acotral.com\/fr\/wp-json\/wp\/v2\/tags?post=4777"}],"curies":[{"name":"wp","href":"https:\/\/api.w.org\/{rel}","templated":true}]}}