{"id":4775,"date":"2018-03-12T06:13:01","date_gmt":"2018-03-12T05:13:01","guid":{"rendered":"https:\/\/www.acotral.com\/angel-gonzalez-hemos-realizado-1-390-000-kilometros-de-megacamion\/"},"modified":"2018-03-12T06:13:01","modified_gmt":"2018-03-12T05:13:01","slug":"angel-gonzalez-hemos-realizado-1-390-000-kilometros-de-megacamion","status":"publish","type":"post","link":"https:\/\/www.acotral.com\/fr\/angel-gonzalez-hemos-realizado-1-390-000-kilometros-de-megacamion\/","title":{"rendered":"\u00c1ngel Gonz\u00e1lez: \u201cHemos realizado 1.390.000 kil\u00f3metros de megacami\u00f3n\u201d"},"content":{"rendered":"<p>UNO, La organizaci\u00f3n empresarial de log\u00edstica y transporte organiz\u00f3 la pasada jornada una mesa redonda bajo el nombre\u00a0<strong>\u201c<em>Megatrailer: Oportunidad para la mejora de la eficiencia en el transporte de mercanc\u00edas por carretera\u201d<\/em><\/strong>\u00a0celebrada en la Universidad Rey Juan Carlos de Madrid con presencia de las m\u00e1s destacadas compa\u00f1\u00edas de transporte y log\u00edstica de nuestro pa\u00eds, entre ellas\u00a0<strong>Acotral,<\/strong>\u00a0donde acudi\u00f3 nuestro\u00a0<strong>Director General, \u00c1ngel Gonz\u00e1lez<\/strong>.<\/p>\n<p>Las ponencias fueron dirigidas por Jos\u00e9 Ram\u00f3n Monrobel<strong>,\u00a0<\/strong>decano de la Facultad de Ciencias Jur\u00eddicas y Sociales de la URJC y Francisco Aranda, secretario general de UNO. El evento const\u00f3 de varias charlas y debates muy interesantes. Algunas de ellas trataron sobre los requisitos y condiciones para la circulaci\u00f3n de euro modulares en el continente, el futuro del megatruck y las buenas pr\u00e1cticas relativas a su promoci\u00f3n.<\/p>\n<p>La mesa redonda a la que estuvo invitado \u00c1ngel Gonz\u00e1lez,<em>\u00a0\u201c\u00bfQu\u00e9 me aporta el megatr\u00e1iler?\u201d,\u00a0<\/em>se debatieron temas tan relevantes como el uso del megacami\u00f3n en nuestra empresa:\u00a0 \u201cVimos por primera vez un megacami\u00f3n en 2004, y dijimos, \u00bfy en Espa\u00f1a por qu\u00e9 no? Fuimos los primeros en obtener la autorizaci\u00f3n para la circulaci\u00f3n de los megatrucks. El primero lo fabricamos en 2005 y a falta de uno hicimos dos. Ha estado expuesto en much\u00edsimas charlas y jornadas\u201d, destac\u00f3 nuestro director.<\/p>\n<p>Acotral ha tenido la suerte de formar parte de grandes acontecimientos de log\u00edstica y transporte mostrando los megacamiones. pero esta vez, en las jornadas de UNO, exist\u00eda una gran diferencia: \u201cvenimos con 1.390.000 kil\u00f3metros de megacami\u00f3n realizados; en todas las anteriores ninguno\u201d.\u00a0 Varios miembros de la mesa dedicaron parte de su intervenci\u00f3n a reconocer a Acotral su esfuerzo y constancia en este proyecto; \u201csin vosotros hoy no estar\u00edamos aqu\u00ed hablando de Megacamiones en las carreteras espa\u00f1olas\u201d.<\/p>\n<p>Entre las sugerencias para una mejor adopci\u00f3n de este tipo de camiones para el transporte de mercanc\u00edas, los ponentes pidieron que exista una mayor flexibilidad en la concesi\u00f3n de autorizaciones por parte de la administraci\u00f3n y coincidieron en que el ferrocarril \u201cno es un rival para el servicio en carretera\u201d, se\u00f1al\u00f3 \u00c1ngel Gonz\u00e1lez.<\/p>\n","protected":false},"excerpt":{"rendered":"<p>UNO, La organizaci\u00f3n empresarial de log\u00edstica y transporte organiz\u00f3 la pasada jornada una mesa redonda bajo el nombre\u00a0\u201cMegatrailer: Oportunidad para la mejora de la eficiencia en el transporte de mercanc\u00edas por carretera\u201d\u00a0celebrada en la Universidad Rey Juan Carlos de Madrid con presencia de las m\u00e1s&#8230;<\/p>\n","protected":false},"author":4,"featured_media":3703,"comment_status":"open","ping_status":"open","sticky":false,"template":"","format":"standard","meta":{"ngg_post_thumbnail":0,"footnotes":""},"categories":[88],"tags":[],"class_list":["post-4775","post","type-post","status-publish","format-standard","has-post-thumbnail","hentry","category-servicios-carretera-fr"],"_links":{"self":[{"href":"https:\/\/www.acotral.com\/fr\/wp-json\/wp\/v2\/posts\/4775","targetHints":{"allow":["GET"]}}],"collection":[{"href":"https:\/\/www.acotral.com\/fr\/wp-json\/wp\/v2\/posts"}],"about":[{"href":"https:\/\/www.acotral.com\/fr\/wp-json\/wp\/v2\/types\/post"}],"author":[{"embeddable":true,"href":"https:\/\/www.acotral.com\/fr\/wp-json\/wp\/v2\/users\/4"}],"replies":[{"embeddable":true,"href":"https:\/\/www.acotral.com\/fr\/wp-json\/wp\/v2\/comments?post=4775"}],"version-history":[{"count":0,"href":"https:\/\/www.acotral.com\/fr\/wp-json\/wp\/v2\/posts\/4775\/revisions"}],"wp:featuredmedia":[{"embeddable":true,"href":"https:\/\/www.acotral.com\/fr\/wp-json\/wp\/v2\/media\/3703"}],"wp:attachment":[{"href":"https:\/\/www.acotral.com\/fr\/wp-json\/wp\/v2\/media?parent=4775"}],"wp:term":[{"taxonomy":"category","embeddable":true,"href":"https:\/\/www.acotral.com\/fr\/wp-json\/wp\/v2\/categories?post=4775"},{"taxonomy":"post_tag","embeddable":true,"href":"https:\/\/www.acotral.com\/fr\/wp-json\/wp\/v2\/tags?post=4775"}],"curies":[{"name":"wp","href":"https:\/\/api.w.org\/{rel}","templated":true}]}}