{"id":4771,"date":"2018-03-12T06:36:54","date_gmt":"2018-03-12T05:36:54","guid":{"rendered":"https:\/\/www.acotral.com\/sin-igualdad-nada-va-sobre-ruedas\/"},"modified":"2018-03-12T06:36:54","modified_gmt":"2018-03-12T05:36:54","slug":"sin-igualdad-nada-va-sobre-ruedas","status":"publish","type":"post","link":"https:\/\/www.acotral.com\/fr\/sin-igualdad-nada-va-sobre-ruedas\/","title":{"rendered":"SIN IGUALDAD NADA VA SOBRE RUEDAS"},"content":{"rendered":"<p>El 8 de marzo se celebra el\u00a0<a href=\"https:\/\/es.wikipedia.org\/wiki\/D%C3%ADa_Internacional_de_la_Mujer\">D\u00eda Internacional de la Mujer<\/a><u>,<\/u>\u00a0una de las jornadas m\u00e1s importantes del a\u00f1o, donde se conmemora la lucha de igualdad entre g\u00e9neros.<\/p>\n<p>Desde Acotral somos conscientes de lo que aporta la equidad entre hombres y mujeres. Es por ello que en nuestra pol\u00edtica de Recursos Humano trabajamos de manera constante en la garant\u00eda de esta igualdad.<\/p>\n<p>El mundo del transporte ha sido mayoritariamente masculino, aunque la mujer est\u00e1 adquiriendo d\u00eda a d\u00eda m\u00e1s protagonismo. Hoy en d\u00eda cada vez es \u00a0m\u00e1s frecuente ver a una mujer al volante en un cami\u00f3n. Un ejemplo es nuestra compa\u00f1era Paqui, \u00faltima incorporaci\u00f3n a la Plaza de Guadix.<\/p>\n<p>Mar\u00eda Francisca, \u201cPaqui\u201d, Salcedo lleva desde 2005 en el transporte:\u00a0 \u201cSal\u00ed muy cansada del mundo de la hosteler\u00eda y lo primero que me llam\u00f3 la atenci\u00f3n fue montarme en un cami\u00f3n. Lo ve\u00eda tan grande que me dije a m\u00ed misma \u2018\u00a1yo puedo!\u2019. Primero prob\u00e9 con los autobuses y desde 2009 no he parado de ir de cami\u00f3n en cami\u00f3n.\u00a0<strong>Me encanta este mundo<\/strong>. Estoy muy orgullosa de trabajar en Acotral donde empec\u00e9 en octubre de 2017. Mis compa\u00f1eros me tratan genial y nunca me he sentido discriminada por ser mujer\u201d.<\/p>\n<p><strong>\u201cLa sociedad necesita a ambos g\u00e9neros para seguir avanzando. Acotral por la igualdad<\/strong><\/p>\n","protected":false},"excerpt":{"rendered":"<p>El 8 de marzo se celebra el\u00a0D\u00eda Internacional de la Mujer,\u00a0una de las jornadas m\u00e1s importantes del a\u00f1o, donde se conmemora la lucha de igualdad entre g\u00e9neros. Desde Acotral somos conscientes de lo que aporta la equidad entre hombres y mujeres. Es por ello que&#8230;<\/p>\n","protected":false},"author":4,"featured_media":3687,"comment_status":"open","ping_status":"open","sticky":false,"template":"","format":"standard","meta":{"ngg_post_thumbnail":0,"footnotes":""},"categories":[85,86],"tags":[],"class_list":["post-4771","post","type-post","status-publish","format-standard","has-post-thumbnail","hentry","category-noticias-fr","category-equipo-fr"],"_links":{"self":[{"href":"https:\/\/www.acotral.com\/fr\/wp-json\/wp\/v2\/posts\/4771","targetHints":{"allow":["GET"]}}],"collection":[{"href":"https:\/\/www.acotral.com\/fr\/wp-json\/wp\/v2\/posts"}],"about":[{"href":"https:\/\/www.acotral.com\/fr\/wp-json\/wp\/v2\/types\/post"}],"author":[{"embeddable":true,"href":"https:\/\/www.acotral.com\/fr\/wp-json\/wp\/v2\/users\/4"}],"replies":[{"embeddable":true,"href":"https:\/\/www.acotral.com\/fr\/wp-json\/wp\/v2\/comments?post=4771"}],"version-history":[{"count":0,"href":"https:\/\/www.acotral.com\/fr\/wp-json\/wp\/v2\/posts\/4771\/revisions"}],"wp:featuredmedia":[{"embeddable":true,"href":"https:\/\/www.acotral.com\/fr\/wp-json\/wp\/v2\/media\/3687"}],"wp:attachment":[{"href":"https:\/\/www.acotral.com\/fr\/wp-json\/wp\/v2\/media?parent=4771"}],"wp:term":[{"taxonomy":"category","embeddable":true,"href":"https:\/\/www.acotral.com\/fr\/wp-json\/wp\/v2\/categories?post=4771"},{"taxonomy":"post_tag","embeddable":true,"href":"https:\/\/www.acotral.com\/fr\/wp-json\/wp\/v2\/tags?post=4771"}],"curies":[{"name":"wp","href":"https:\/\/api.w.org\/{rel}","templated":true}]}}