{"id":4761,"date":"2018-08-28T15:00:44","date_gmt":"2018-08-28T13:00:44","guid":{"rendered":"https:\/\/www.acotral.com\/entrevista-a-don-domingo-de-torres-en-diario-sur\/"},"modified":"2018-08-28T15:00:44","modified_gmt":"2018-08-28T13:00:44","slug":"entrevista-a-don-domingo-de-torres-en-diario-sur","status":"publish","type":"post","link":"https:\/\/www.acotral.com\/fr\/entrevista-a-don-domingo-de-torres-en-diario-sur\/","title":{"rendered":"Entrevista a Don Domingo de Torres en Diario Sur"},"content":{"rendered":"<p>La despensa se qued\u00f3 vac\u00eda.La frase encierra los d\u00edas oscuros para su familia tras la muerte del padre con s\u00f3lo 50 a\u00f1os. Cinco antes, por culpa de la enfermedad, el negocio empez\u00f3 a ir mal, y al hijo mayor no le dio tiempo a seguir aquellos consejos de que no se tirara al mundo de la empresa sin algo seguro.\u00a0<strong>\u00abT\u00fa te haces funcionario y luego haces lo que te d\u00e9 la gana y, si quieres, una empresa\u00bb,<\/strong>\u00a0recuerda el due\u00f1o de Acotral el consejo paterno que el destino le dej\u00f3 cumplir s\u00f3lo a medias aunque a lo grande. Empez\u00f3 por los negocios a comienzos de los 70, arremangado con la empresa familiar, volcada en la construcci\u00f3n. Lo hizo nada m\u00e1s graduarse en Icade, cuarta promoci\u00f3n, con Ram\u00f3n Tamames y Gregorio Peces-Barba en el estrado. Fue en Madrid y de aquellos a\u00f1os recuerda tambi\u00e9n a compa\u00f1eros con mejores notas, pero ninguna tan alta como la suya en los negocios. El padre de Domingo hab\u00eda sido el jefe de transportes de Hidroel\u00e9ctrica de El Chorro, luego Sevillana, y la adrenalina m\u00e1s all\u00e1 de la n\u00f3mina lo atrap\u00f3 cuando vio que fuera de la el\u00e9ctrica el sector del transporte cog\u00eda mucha velocidad. \u00abSe sali\u00f3 y mont\u00f3 una empresa. Hab\u00eda muchas obras en M\u00e1laga entonces\u00bb, se mira en el espejo de una aventura el art\u00edfice de la mayor empresa de transporte por carretera de Espa\u00f1a: 3.600 trabajadores y 310 millones de ventas. Cogi\u00f3 las riendas del negocio familiar por necesidad, pero apuntaba maneras, sin saber que era emprendedor vestido de recluta en guardia por si hab\u00eda negocio cercano.<strong>\u00a0\u00abEmprender es algo que he tenido toda mi vida. Ya en la mili, en Montejaque, les pon\u00eda autobuses a los compa\u00f1eros para los fines de semana. Contrataba con Transportes Co\u00edn. Me encantaba. No. No fue una mili perdida\u00bb<\/strong>, refresca memoria de las primeras pesetas que gan\u00f3. Luego vino el trabajo con gr\u00faas y materiales de construcci\u00f3n hasta que Tabacalera se convirti\u00f3 en cliente exclusivo. La tranquilidad del tabaco. \u00abNo pens\u00e9 nunca que dejar\u00eda alg\u00fan d\u00eda de ser nunca transportista de Tabacalera, pero el a\u00f1o 2000 empiezo a trabajar con Mercadona, y veo m\u00e1s futuro.<\/p>\n<p>Cambi\u00e9 de negocio completamente\u00bb,<u>\u00a0despacha una capacidad de adaptaci\u00f3n que le viene de saber anticiparse a los cambios<\/u>. \u00abTen\u00edamos ya oficinas en Madrid, Barcelona porque ser transportista en M\u00e1laga era estar en la periferia\u00bb, habla con un realismo pionero en un tiempo en el que pocas empresas miraban m\u00e1s all\u00e1 de Las Pedrizas. \u00abEn Barcelona empec\u00e9 a trabajar con Mercadona de forma puntual. Lo hicimos bien, nos llamaron cuando ampliaron y el gran salto fue cuando se instalaron en Antequera\u00bb, habla de su matrimonio comercial bien avenido con Juan Roig, \u00abcon el que me veo cuatro o cinco veces al a\u00f1o\u00bb. \u00abAlgunos directivos m\u00edos me recuerdan cuando yo pensaba en ese d\u00eda que facturara cien millones\u00bb, se sorprende ya retirado de la primera l\u00ednea de la empresa y con la cifra triplicada.\u00a0<strong>\u00abHe cre\u00eddo mucho en la gente, en que tome decisiones. Si no, es dif\u00edcil una expansi\u00f3n como la nuestra\u00bb, se enorgullece de su equipo y de saber escuchar: \u00abJam\u00e1s he dicho a alguien que no pod\u00eda atenderlo, porque me gusta aprender de todos\u00bb.<\/strong><\/p>\n<p>Noticia completa\u00a0http:\/\/www.diariosur.es\/economia\/empresas-malaguenas\/domingo-torres-empresario-20180617213855-nt.html<\/p>\n","protected":false},"excerpt":{"rendered":"<p>La despensa se qued\u00f3 vac\u00eda.La frase encierra los d\u00edas oscuros para su familia tras la muerte del padre con s\u00f3lo 50 a\u00f1os. Cinco antes, por culpa de la enfermedad, el negocio empez\u00f3 a ir mal, y al hijo mayor no le dio tiempo a seguir&#8230;<\/p>\n","protected":false},"author":4,"featured_media":4053,"comment_status":"open","ping_status":"open","sticky":false,"template":"","format":"standard","meta":{"ngg_post_thumbnail":0,"footnotes":""},"categories":[85,86],"tags":[],"class_list":["post-4761","post","type-post","status-publish","format-standard","has-post-thumbnail","hentry","category-noticias-fr","category-equipo-fr"],"_links":{"self":[{"href":"https:\/\/www.acotral.com\/fr\/wp-json\/wp\/v2\/posts\/4761","targetHints":{"allow":["GET"]}}],"collection":[{"href":"https:\/\/www.acotral.com\/fr\/wp-json\/wp\/v2\/posts"}],"about":[{"href":"https:\/\/www.acotral.com\/fr\/wp-json\/wp\/v2\/types\/post"}],"author":[{"embeddable":true,"href":"https:\/\/www.acotral.com\/fr\/wp-json\/wp\/v2\/users\/4"}],"replies":[{"embeddable":true,"href":"https:\/\/www.acotral.com\/fr\/wp-json\/wp\/v2\/comments?post=4761"}],"version-history":[{"count":0,"href":"https:\/\/www.acotral.com\/fr\/wp-json\/wp\/v2\/posts\/4761\/revisions"}],"wp:featuredmedia":[{"embeddable":true,"href":"https:\/\/www.acotral.com\/fr\/wp-json\/wp\/v2\/media\/4053"}],"wp:attachment":[{"href":"https:\/\/www.acotral.com\/fr\/wp-json\/wp\/v2\/media?parent=4761"}],"wp:term":[{"taxonomy":"category","embeddable":true,"href":"https:\/\/www.acotral.com\/fr\/wp-json\/wp\/v2\/categories?post=4761"},{"taxonomy":"post_tag","embeddable":true,"href":"https:\/\/www.acotral.com\/fr\/wp-json\/wp\/v2\/tags?post=4761"}],"curies":[{"name":"wp","href":"https:\/\/api.w.org\/{rel}","templated":true}]}}