{"id":4755,"date":"2019-02-02T12:08:09","date_gmt":"2019-02-02T11:08:09","guid":{"rendered":"https:\/\/www.acotral.com\/entrevista-de-javier-baranda-director-de-transporte-profesional-a-borja-de-torres\/"},"modified":"2019-02-02T12:08:09","modified_gmt":"2019-02-02T11:08:09","slug":"entrevista-de-javier-baranda-director-de-transporte-profesional-a-borja-de-torres","status":"publish","type":"post","link":"https:\/\/www.acotral.com\/fr\/entrevista-de-javier-baranda-director-de-transporte-profesional-a-borja-de-torres\/","title":{"rendered":"Entrevista de Javier Baranda, director de transporte Profesional, a Borja de Torres"},"content":{"rendered":"<p>Javier Baranda, director y editor de la Revista Transporte Profesional entrevista a Borja de Torres,\u00a0Presidente de ACOTRAL, Vicepresidente de de la Confederaci\u00f3n Espa\u00f1ola de Transporte de Mercanc\u00edas CETM y Vicepresidente de CETM Multimodal en el marco del\u00a017\u00ba Congreso Nacional de Empresarios de Transporte de Mercanc\u00edas CETM que se celebro en \u00c1vila.<\/p>\n<p>Borja de Torres fue adem\u00e1s, Presidente del comit\u00e9 organizador de este Congreso de Transporte CETM, que se sald\u00f3\u00a0con un \u00e9xito rotundo de asistencia con m\u00e1s de 700 congresistas y por tanto nos habl\u00f3\u00a0de esta doble vertiente, su experiencia al ser, por primera vez, el organizador del Congreso y tambi\u00e9n como Presidente de ACOTRAL, y por tanto como uno de los mayores empresarios de transporte de Espa\u00f1a.<\/p>\n<p>Durante los d\u00edas que se celebr\u00f3\u00a0el\u00a017\u00ba Congreso Nacional de Empresarios de Transporte de Mercanc\u00edas\u00a0<a href=\"https:\/\/www.youtube.com\/transportetv\">transporte TV<\/a>\u00a0realiz\u00f3\u00a0una serie de entrevistas en las que los\u00a0especialistas en informaci\u00f3n de transporte Sa\u00fal Camero, Raquel Arias y Javier Baranda, acompa\u00f1ados de la presentadora Lorena Moreno\u00a0charlaron en el\u00a0set de televisi\u00f3n\u00a0que se mont\u00f3\u00a0para la ocasi\u00f3n con los principales\u00a0protagonistas del Transporte de Mercanc\u00edas. En ellas conocemos de primera mano las impresiones y opiniones de c\u00f3mo ven ellos la situaci\u00f3n del Transporte actual y como no del propio\u00a0<a href=\"https:\/\/www.transporteprofesional.es\/17-congreso-nacional-de-transporte-cetm\" target=\"_blank\" rel=\"noopener noreferrer\">Congreso de Transporte de CETM<\/a>.<\/p>\n<p>Noticia completa\u00a0<a href=\"https:\/\/www.transporteprofesional.es\/\/ultimas-noticias\/video-entrevista-borja-de-torres-protagonistas-del-transporte\">https:\/\/www.transporteprofesional.es\/\/ultimas-noticias\/video-entrevista-borja-de-torres-protagonistas-del-transporte<\/a><\/p>\n<p>Video\u00a0<a href=\"https:\/\/www.youtube.com\/watch?v=yHYDyAWf4q0&amp;feature=youtu.be\">https:\/\/www.youtube.com\/watch?v=yHYDyAWf4q0&amp;feature=youtu.be<\/a><\/p>\n","protected":false},"excerpt":{"rendered":"<p>Javier Baranda, director y editor de la Revista Transporte Profesional entrevista a Borja de Torres,\u00a0Presidente de ACOTRAL, Vicepresidente de de la Confederaci\u00f3n Espa\u00f1ola de Transporte de Mercanc\u00edas CETM y Vicepresidente de CETM Multimodal en el marco del\u00a017\u00ba Congreso Nacional de Empresarios de Transporte de Mercanc\u00edas&#8230;<\/p>\n","protected":false},"author":4,"featured_media":2897,"comment_status":"open","ping_status":"open","sticky":false,"template":"","format":"standard","meta":{"ngg_post_thumbnail":0,"footnotes":""},"categories":[85,86,88],"tags":[],"class_list":["post-4755","post","type-post","status-publish","format-standard","has-post-thumbnail","hentry","category-noticias-fr","category-equipo-fr","category-servicios-carretera-fr"],"_links":{"self":[{"href":"https:\/\/www.acotral.com\/fr\/wp-json\/wp\/v2\/posts\/4755","targetHints":{"allow":["GET"]}}],"collection":[{"href":"https:\/\/www.acotral.com\/fr\/wp-json\/wp\/v2\/posts"}],"about":[{"href":"https:\/\/www.acotral.com\/fr\/wp-json\/wp\/v2\/types\/post"}],"author":[{"embeddable":true,"href":"https:\/\/www.acotral.com\/fr\/wp-json\/wp\/v2\/users\/4"}],"replies":[{"embeddable":true,"href":"https:\/\/www.acotral.com\/fr\/wp-json\/wp\/v2\/comments?post=4755"}],"version-history":[{"count":0,"href":"https:\/\/www.acotral.com\/fr\/wp-json\/wp\/v2\/posts\/4755\/revisions"}],"wp:featuredmedia":[{"embeddable":true,"href":"https:\/\/www.acotral.com\/fr\/wp-json\/wp\/v2\/media\/2897"}],"wp:attachment":[{"href":"https:\/\/www.acotral.com\/fr\/wp-json\/wp\/v2\/media?parent=4755"}],"wp:term":[{"taxonomy":"category","embeddable":true,"href":"https:\/\/www.acotral.com\/fr\/wp-json\/wp\/v2\/categories?post=4755"},{"taxonomy":"post_tag","embeddable":true,"href":"https:\/\/www.acotral.com\/fr\/wp-json\/wp\/v2\/tags?post=4755"}],"curies":[{"name":"wp","href":"https:\/\/api.w.org\/{rel}","templated":true}]}}