{"id":4751,"date":"2019-02-02T12:15:33","date_gmt":"2019-02-02T11:15:33","guid":{"rendered":"https:\/\/www.acotral.com\/de-conductor-de-camion-a-director-de-flota\/"},"modified":"2019-02-02T12:15:33","modified_gmt":"2019-02-02T11:15:33","slug":"de-conductor-de-camion-a-director-de-flota","status":"publish","type":"post","link":"https:\/\/www.acotral.com\/fr\/de-conductor-de-camion-a-director-de-flota\/","title":{"rendered":"De CONDUCTOR de cami\u00f3n a DIRECTOR de flota"},"content":{"rendered":"<p><strong>Jos\u00e9 Rico, de conductor en 2001 a\u00a0 Director de flota en Acotral con m\u00e1s 3000 conductores.<\/strong><\/p>\n<p>Aficionado a las tractoras desde muy peque\u00f1o, Jos\u00e9 Rico se incorpor\u00f3 como conductor en 2001 a Acotral, donde ha desarrollado toda su vida profesional hasta convertirse en Director de \u00a0flota. Lleva el transporte en la sangre por \u201ctradici\u00f3n\u201d familiar, pues su padre tambi\u00e9n trabajaba en Acotral desde que \u00e9l era bien peque\u00f1o y sus t\u00edos y hermanos son igualmente del sector\u2026 \u00bfQuieres conocer su historia?<\/p>\n<p><strong>\u00bfHabiendo estudiado ADE, por qu\u00e9 decidiste hacer tu carrera en el transporte?<\/strong><\/p>\n<p>Porque desde peque\u00f1o me ha llamado la atenci\u00f3n este mundo y cuando tuve la oportunidad de entrar en Acotral, de la que mi padre siempre me hab\u00eda hablado maravillas, no lo dud\u00e9. Adem\u00e1s, siempre he pensado que mi grado en ADE no era un impedimento y s\u00ed una oportunidad, como as\u00ed ha sido, para aportar mi granito de arena a una profesi\u00f3n que me gusta.<\/p>\n<p><strong>\u00bfC\u00f3mo fueron tus inicios en Acotral?<\/strong><\/p>\n<p>Empec\u00e9 en el cami\u00f3n porque ten\u00eda 3 trabajos y conduciendo ganaba m\u00e1s que con los tres. Y adem\u00e1s, haciendo lo que me gustaba. El resto pr\u00e1cticamente vino \u201crodado\u201d: Domingo de Torres supo por mi padre de mi formaci\u00f3n y la tuvo en cuenta para ofrecerme un puesto de mayor responsabilidad. De hecho, el primer trabajo que sali\u00f3 de UPC me lo ofrecieron a m\u00ed.<\/p>\n<p><strong>\u00bfQu\u00e9 es lo mejor de tu d\u00eda a d\u00eda en la empresa?<\/strong><\/p>\n<p>Sin duda, poder contribuir a que Acotral siga creciendo ya que los 3.000 compa\u00f1eros a los que coordino, cuyo trabajo y necesidades conozco a la perfecci\u00f3n porque antes he estado en sus puestos, est\u00e9n motivados. He sido conductor, a\u00fan me considero conductor, y s\u00e9 que la motivaci\u00f3n es clave, en un trabajo como el nuestro, para afrontar el d\u00eda a d\u00eda y alcanzar los objetivos marcados.<\/p>\n<p><strong>\u00bfQu\u00e9 tiene de diferente Acotral y qu\u00e9 mejorar\u00edas?<\/strong><\/p>\n<p>Lo diferente de Acotral es la apuesta que desde el inicio hace por las personas. Eso se traduce en un buen ambiente generalizado, que nos lleva a ser m\u00e1s eficientes como empresa y \u201cm\u00e1s felices\u201d cada uno con nuestras obligaciones en el trabajo. As\u00ed que tenemos las bases para seguir consolidando este proyecto y, a partir de ah\u00ed, para seguir incorporando mejoras en la gesti\u00f3n diaria, el ahorro de costes, la digitalizaci\u00f3n de la empresa\u2026<\/p>\n<p><em>\u201cEs un orgullo que la empresa conf\u00ede en m\u00ed la coordinaci\u00f3n de m\u00e1s de\u00a03000 personas\u201d<\/em><\/p>\n","protected":false},"excerpt":{"rendered":"<p>Jos\u00e9 Rico, de conductor en 2001 a\u00a0 Director de flota en Acotral con m\u00e1s 3000 conductores. Aficionado a las tractoras desde muy peque\u00f1o, Jos\u00e9 Rico se incorpor\u00f3 como conductor en 2001 a Acotral, donde ha desarrollado toda su vida profesional hasta convertirse en Director de&#8230;<\/p>\n","protected":false},"author":4,"featured_media":2910,"comment_status":"open","ping_status":"open","sticky":false,"template":"","format":"standard","meta":{"ngg_post_thumbnail":0,"footnotes":""},"categories":[85,86],"tags":[],"class_list":["post-4751","post","type-post","status-publish","format-standard","has-post-thumbnail","hentry","category-noticias-fr","category-equipo-fr"],"_links":{"self":[{"href":"https:\/\/www.acotral.com\/fr\/wp-json\/wp\/v2\/posts\/4751","targetHints":{"allow":["GET"]}}],"collection":[{"href":"https:\/\/www.acotral.com\/fr\/wp-json\/wp\/v2\/posts"}],"about":[{"href":"https:\/\/www.acotral.com\/fr\/wp-json\/wp\/v2\/types\/post"}],"author":[{"embeddable":true,"href":"https:\/\/www.acotral.com\/fr\/wp-json\/wp\/v2\/users\/4"}],"replies":[{"embeddable":true,"href":"https:\/\/www.acotral.com\/fr\/wp-json\/wp\/v2\/comments?post=4751"}],"version-history":[{"count":0,"href":"https:\/\/www.acotral.com\/fr\/wp-json\/wp\/v2\/posts\/4751\/revisions"}],"wp:featuredmedia":[{"embeddable":true,"href":"https:\/\/www.acotral.com\/fr\/wp-json\/wp\/v2\/media\/2910"}],"wp:attachment":[{"href":"https:\/\/www.acotral.com\/fr\/wp-json\/wp\/v2\/media?parent=4751"}],"wp:term":[{"taxonomy":"category","embeddable":true,"href":"https:\/\/www.acotral.com\/fr\/wp-json\/wp\/v2\/categories?post=4751"},{"taxonomy":"post_tag","embeddable":true,"href":"https:\/\/www.acotral.com\/fr\/wp-json\/wp\/v2\/tags?post=4751"}],"curies":[{"name":"wp","href":"https:\/\/api.w.org\/{rel}","templated":true}]}}