{"id":4748,"date":"2019-02-02T12:19:31","date_gmt":"2019-02-02T11:19:31","guid":{"rendered":"https:\/\/www.acotral.com\/conocenos-juan-garcia-23-anos-de-dedicacion-y-companerismo\/"},"modified":"2020-01-22T11:52:40","modified_gmt":"2020-01-22T10:52:40","slug":"conocenos-juan-garcia-23-anos-de-dedicacion-y-companerismo","status":"publish","type":"post","link":"https:\/\/www.acotral.com\/en\/conocenos-juan-garcia-23-anos-de-dedicacion-y-companerismo\/","title":{"rendered":"CON\u00d3CENOS :Juan Garc\u00eda, 23 a\u00f1os de dedicaci\u00f3n y compa\u00f1erismo"},"content":{"rendered":"<p>Tras 23 a\u00f1os al servicio de ACOTRAL, donde ha aportado su experiencia y conocimiento como mec\u00e1nico, el pasado 13 de noviembre se jubil\u00f3 Juan Garc\u00eda. Desde su incorporaci\u00f3n a la compa\u00f1\u00eda en 1995, con 44 a\u00f1os de edad, Juan ha sido un testigo principal &nbsp;de la evoluci\u00f3n que ha protagonizado el sector en las \u00faltimas d\u00e9cadas, as\u00ed como del crecimiento y la proyecci\u00f3n que han permitido a ACOTRAL consolidar su liderazgo en el transporte.<\/p>\n<p><img loading=\"lazy\" decoding=\"async\" class=\"alignnone size-medium wp-image-5538\" src=\"https:\/\/www.acotral.com\/wp-content\/uploads\/2019\/02\/2019-Juan-y-Eduardo-jubliados-300x225.jpg\" alt=\"\" width=\"300\" height=\"225\" srcset=\"https:\/\/www.acotral.com\/wp-content\/uploads\/2019\/02\/2019-Juan-y-Eduardo-jubliados-300x225.jpg 300w, https:\/\/www.acotral.com\/wp-content\/uploads\/2019\/02\/2019-Juan-y-Eduardo-jubliados-768x577.jpg 768w, https:\/\/www.acotral.com\/wp-content\/uploads\/2019\/02\/2019-Juan-y-Eduardo-jubliados-800x600.jpg 800w, https:\/\/www.acotral.com\/wp-content\/uploads\/2019\/02\/2019-Juan-y-Eduardo-jubliados-700x526.jpg 700w, https:\/\/www.acotral.com\/wp-content\/uploads\/2019\/02\/2019-Juan-y-Eduardo-jubliados.jpg 959w\" sizes=\"auto, (max-width: 300px) 100vw, 300px\" \/>De su etapa en ACOTRAL, pr\u00e1cticamente media vida laboral, de Juan no s\u00f3lo destaca su profesionalidad, sino su capacidad de di\u00e1logo y su compa\u00f1erismo, que le han granjeado grandes amistades en nuestra empresa. Y especialmente, la que a\u00fan mantiene con nuestro excompa\u00f1ero y tambi\u00e9n jubilado Eduardo Arma\u00f1anzas, con quien sale en esta imagen y a quien aprovechamos igualmente para agradecer todo el esfuerzo y dedicaci\u00f3n prestados.<\/p>\n","protected":false},"excerpt":{"rendered":"<p>Tras 23 a\u00f1os al servicio de ACOTRAL, donde ha aportado su experiencia y conocimiento como mec\u00e1nico, el pasado 13 de noviembre se jubil\u00f3 Juan Garc\u00eda. Desde su incorporaci\u00f3n a la compa\u00f1\u00eda en 1995, con 44 a\u00f1os de edad, Juan ha sido un testigo principal &nbsp;de&#8230;<\/p>\n","protected":false},"author":4,"featured_media":2914,"comment_status":"open","ping_status":"open","sticky":false,"template":"","format":"standard","meta":{"ngg_post_thumbnail":0,"footnotes":""},"categories":[83,84],"tags":[],"class_list":["post-4748","post","type-post","status-publish","format-standard","has-post-thumbnail","hentry","category-noticias-en","category-equipo-en"],"_links":{"self":[{"href":"https:\/\/www.acotral.com\/en\/wp-json\/wp\/v2\/posts\/4748","targetHints":{"allow":["GET"]}}],"collection":[{"href":"https:\/\/www.acotral.com\/en\/wp-json\/wp\/v2\/posts"}],"about":[{"href":"https:\/\/www.acotral.com\/en\/wp-json\/wp\/v2\/types\/post"}],"author":[{"embeddable":true,"href":"https:\/\/www.acotral.com\/en\/wp-json\/wp\/v2\/users\/4"}],"replies":[{"embeddable":true,"href":"https:\/\/www.acotral.com\/en\/wp-json\/wp\/v2\/comments?post=4748"}],"version-history":[{"count":2,"href":"https:\/\/www.acotral.com\/en\/wp-json\/wp\/v2\/posts\/4748\/revisions"}],"predecessor-version":[{"id":5537,"href":"https:\/\/www.acotral.com\/en\/wp-json\/wp\/v2\/posts\/4748\/revisions\/5537"}],"wp:featuredmedia":[{"embeddable":true,"href":"https:\/\/www.acotral.com\/en\/wp-json\/wp\/v2\/media\/2914"}],"wp:attachment":[{"href":"https:\/\/www.acotral.com\/en\/wp-json\/wp\/v2\/media?parent=4748"}],"wp:term":[{"taxonomy":"category","embeddable":true,"href":"https:\/\/www.acotral.com\/en\/wp-json\/wp\/v2\/categories?post=4748"},{"taxonomy":"post_tag","embeddable":true,"href":"https:\/\/www.acotral.com\/en\/wp-json\/wp\/v2\/tags?post=4748"}],"curies":[{"name":"wp","href":"https:\/\/api.w.org\/{rel}","templated":true}]}}