{"id":4737,"date":"2019-02-02T12:34:41","date_gmt":"2019-02-02T11:34:41","guid":{"rendered":"https:\/\/www.acotral.com\/hablemos-de-equipo-juan-sanchez-nuevo-responsable-de-flota-en-valencia-y-baleares\/"},"modified":"2019-02-02T12:34:41","modified_gmt":"2019-02-02T11:34:41","slug":"hablemos-de-equipo-juan-sanchez-nuevo-responsable-de-flota-en-valencia-y-baleares","status":"publish","type":"post","link":"https:\/\/www.acotral.com\/en\/hablemos-de-equipo-juan-sanchez-nuevo-responsable-de-flota-en-valencia-y-baleares\/","title":{"rendered":"Hablemos de: EQUIPO. Juan S\u00e1nchez, nuevo Responsable de Flota en Valencia y Baleares"},"content":{"rendered":"<p>Nuevamente Acotral apuesta por retener e impulsar el talento con la designaci\u00f3n de nuestro compa\u00f1ero\u00a0<strong><em>Juan Antonio S\u00e1nchez Hoyos<\/em><\/strong>\u00a0como nuevo\u00a0<strong><em>Responsable de \u00c1rea de Flota Valencia<\/em><\/strong>. Desde esta nueva responsabilidad, proceder\u00e1 a gestionar un gran equipo compuesto por m\u00e1s de 500 colaboradores, factor que Juan Antonio asume \u201c<em>como un reto para c<\/em><em>onocer mejor el negocio del transporte estando en la operativa del d\u00eda a d\u00eda, y una oportunidad de crecimiento profesional que me va a permitir ampliar mi visi\u00f3n del mundo del transporte\u201d.<\/em><\/p>\n<p>Juan Antonio inici\u00f3 su andadura\u00a0<em>en Acotral el 14 de septiembre de 2015<\/em>\u00a0como Responsable de \u00c1rea \u201cMejor Opci\u00f3n\u201d inherente al departamento de Mantenimiento, \u00e1rea m\u00e1s tarde denominada como Flota 10.<\/p>\n<p>De estos tres a\u00f1os y medio en Acotral, destaca el inter\u00e9s de nuestra compa\u00f1\u00eda por estar a la\u00a0<em>vanguardia<\/em>\u00a0de la<em>\u00a0innovaci\u00f3n<\/em>en todos los aspectos relacionados\u00a0<em>en el transporte y la b\u00fasqueda constante de la mejora continua,<\/em>\u00a0as\u00ed como su ascendente\u00a0<em>evoluci\u00f3n<\/em>, resaltando entre otros proyectos como el\u00a0<em>EMS 60<\/em>, conducci\u00f3n en\u00a0<em>platooning<\/em>\u00a0y el comienzo con\u00a0<em>veh\u00edculos el\u00e9ctricos<\/em>.<\/p>\n<p><img loading=\"lazy\" decoding=\"async\" class=\"size-medium wp-image-2934 aligncenter\" src=\"https:\/\/www.acotral.com\/wp-content\/uploads\/2019\/02\/Juan-S\u00e1nchez-nuevo-Responsable-de-Flota-en-Valencia-y-Baleares-2-300x200.jpg\" alt=\"Juan S\u00e1nchez, nuevo Responsable de Flota en Valencia y Baleares\" width=\"300\" height=\"200\" srcset=\"https:\/\/www.acotral.com\/wp-content\/uploads\/2019\/02\/Juan-S\u00e1nchez-nuevo-Responsable-de-Flota-en-Valencia-y-Baleares-2-300x200.jpg 300w, https:\/\/www.acotral.com\/wp-content\/uploads\/2019\/02\/Juan-S\u00e1nchez-nuevo-Responsable-de-Flota-en-Valencia-y-Baleares-2-768x512.jpg 768w, https:\/\/www.acotral.com\/wp-content\/uploads\/2019\/02\/Juan-S\u00e1nchez-nuevo-Responsable-de-Flota-en-Valencia-y-Baleares-2-1024x683.jpg 1024w, https:\/\/www.acotral.com\/wp-content\/uploads\/2019\/02\/Juan-S\u00e1nchez-nuevo-Responsable-de-Flota-en-Valencia-y-Baleares-2-700x467.jpg 700w, https:\/\/www.acotral.com\/wp-content\/uploads\/2019\/02\/Juan-S\u00e1nchez-nuevo-Responsable-de-Flota-en-Valencia-y-Baleares-2.jpg 1599w\" sizes=\"auto, (max-width: 300px) 100vw, 300px\" \/><\/p>\n","protected":false},"excerpt":{"rendered":"<p>Nuevamente Acotral apuesta por retener e impulsar el talento con la designaci\u00f3n de nuestro compa\u00f1ero\u00a0Juan Antonio S\u00e1nchez Hoyos\u00a0como nuevo\u00a0Responsable de \u00c1rea de Flota Valencia. Desde esta nueva responsabilidad, proceder\u00e1 a gestionar un gran equipo compuesto por m\u00e1s de 500 colaboradores, factor que Juan Antonio asume&#8230;<\/p>\n","protected":false},"author":4,"featured_media":2938,"comment_status":"open","ping_status":"open","sticky":false,"template":"","format":"standard","meta":{"ngg_post_thumbnail":0,"footnotes":""},"categories":[84,76],"tags":[],"class_list":["post-4737","post","type-post","status-publish","format-standard","has-post-thumbnail","hentry","category-equipo-en","category-servicios-carretera-en"],"_links":{"self":[{"href":"https:\/\/www.acotral.com\/en\/wp-json\/wp\/v2\/posts\/4737","targetHints":{"allow":["GET"]}}],"collection":[{"href":"https:\/\/www.acotral.com\/en\/wp-json\/wp\/v2\/posts"}],"about":[{"href":"https:\/\/www.acotral.com\/en\/wp-json\/wp\/v2\/types\/post"}],"author":[{"embeddable":true,"href":"https:\/\/www.acotral.com\/en\/wp-json\/wp\/v2\/users\/4"}],"replies":[{"embeddable":true,"href":"https:\/\/www.acotral.com\/en\/wp-json\/wp\/v2\/comments?post=4737"}],"version-history":[{"count":0,"href":"https:\/\/www.acotral.com\/en\/wp-json\/wp\/v2\/posts\/4737\/revisions"}],"wp:featuredmedia":[{"embeddable":true,"href":"https:\/\/www.acotral.com\/en\/wp-json\/wp\/v2\/media\/2938"}],"wp:attachment":[{"href":"https:\/\/www.acotral.com\/en\/wp-json\/wp\/v2\/media?parent=4737"}],"wp:term":[{"taxonomy":"category","embeddable":true,"href":"https:\/\/www.acotral.com\/en\/wp-json\/wp\/v2\/categories?post=4737"},{"taxonomy":"post_tag","embeddable":true,"href":"https:\/\/www.acotral.com\/en\/wp-json\/wp\/v2\/tags?post=4737"}],"curies":[{"name":"wp","href":"https:\/\/api.w.org\/{rel}","templated":true}]}}