{"id":4734,"date":"2019-04-26T13:28:50","date_gmt":"2019-04-26T11:28:50","guid":{"rendered":"https:\/\/www.acotral.com\/domingo-de-torres-recibe-la-medalla-de-oro-de-la-provincia-de-malaga\/"},"modified":"2019-04-26T13:28:50","modified_gmt":"2019-04-26T11:28:50","slug":"domingo-de-torres-recibe-la-medalla-de-oro-de-la-provincia-de-malaga","status":"publish","type":"post","link":"https:\/\/www.acotral.com\/en\/domingo-de-torres-recibe-la-medalla-de-oro-de-la-provincia-de-malaga\/","title":{"rendered":"Domingo De Torres recibe la Medalla de Oro de la provincia de M\u00e1laga."},"content":{"rendered":"<ul>\n<li><u>La distinci\u00f3n reconoce la apuesta del fundador de Acotral por la provincia y su aportaci\u00f3n al tejido industrial de M\u00e1laga<\/u><\/li>\n<\/ul>\n<p>&nbsp;<\/p>\n<p><strong><u>Antequera (M\u00e1laga), 26 de abril de 2019.-<\/u><\/strong>\u00a0Domingo de Torres recibi\u00f3 el pasado 26 de abril la Medalla de Oro de la provincia de M\u00e1laga. El galard\u00f3n supone el reconocimiento al fundador de Acotral por su aportaci\u00f3n al tejido empresarial malague\u00f1o que ha llevado el nombre de M\u00e1laga por todo el mundo.<\/p>\n<p>&nbsp;<\/p>\n<p>El humorista Manuel Sarria, la Fundaci\u00f3n Harena y el karateca Dami\u00e1n Quintero recibieron tambi\u00e9n el mismo galard\u00f3n. Adem\u00e1s se entreg\u00f3 la Distinci\u00f3n de Honor a Jose Gil, bombero del Consorcio fallecido en acto de servicio en Campillos con motivo de las fuertes lluvias que asolaron la provincia en octubre del a\u00f1o pasado.<\/p>\n<p>&nbsp;<\/p>\n<p>&nbsp;<\/p>\n<p>Domingo de Torres fund\u00f3 Acotral en 1970. Con el paso del tiempo, esta empresa familiar se ha convertido en una compa\u00f1\u00eda referencia en el transporte nacional e internacional de mercanc\u00edas que apuesta por el desarrollo del transporte en cualquiera de sus modos: carretera, ferroviario y mar\u00edtimo. Con sede en Antequera (M\u00e1laga), tenemos delegaciones en todo el territorio nacional, y filiales en parte de Europa y Marruecos. Actualmente es su hijo, Borja de Torres quien est\u00e1 al frente de la compa\u00f1\u00eda.<\/p>\n<p>&nbsp;<\/p>\n<p>Acotral, y por tanto Domingo de Torres, concibi\u00f3 la empresa para ir de la mano de un gran cliente. Primero fue con la antigua Tabacalera a finales de los 80, y a\u00f1os m\u00e1s tarde con Mercadona, de la que somos\u00a0proveedor Totaler desde 2003 aunque nuestra\u00a0vinculaci\u00f3n con ella comenz\u00f3 en el a\u00f1o 2000.<\/p>\n<p>&nbsp;<\/p>\n<p>La baza de Domingo de Torres por el medioambiente es m\u00e1s que una apuesta. Acotral impulsa su crecimiento y pone su foco en el transporte terrestre y sostenible con nuevos programas de flota de mayor capacidad y menos contaminantes. En marzo del pasado a\u00f1o llevamos a cabo, junto a Scania, la primera experiencia de conducci\u00f3n en platooning en Espa\u00f1a. Nuestra estrategia en pro del medio ambiente tambi\u00e9n ha pasado por las pruebas del cami\u00f3n TGM el\u00e9ctrico para que la actividad de la empresa sea lo menos contaminante y poder reducir la huella de carbono. Estas iniciativas se unieron\u00a0a la incorporaci\u00f3n de nuevas tractoras propulsadas por Gas Natural .<\/p>\n<p>&nbsp;<\/p>\n<p>Actualmente contamos con una plantilla de 3.600 trabajadores y una flota de 1.600 camiones propios, 40 de ellos GNL, lo que nos permite realizar m\u00e1s de 6.000 servicios diarios de media. Acotral es, sin duda, un referente nacional en el transporte por carretera, seguro, ecol\u00f3gico y eficiente.<\/p>\n","protected":false},"excerpt":{"rendered":"<p>La distinci\u00f3n reconoce la apuesta del fundador de Acotral por la provincia y su aportaci\u00f3n al tejido industrial de M\u00e1laga &nbsp; Antequera (M\u00e1laga), 26 de abril de 2019.-\u00a0Domingo de Torres recibi\u00f3 el pasado 26 de abril la Medalla de Oro de la provincia de M\u00e1laga&#8230;.<\/p>\n","protected":false},"author":4,"featured_media":4314,"comment_status":"open","ping_status":"open","sticky":false,"template":"","format":"standard","meta":{"ngg_post_thumbnail":0,"footnotes":""},"categories":[83,84],"tags":[],"class_list":["post-4734","post","type-post","status-publish","format-standard","has-post-thumbnail","hentry","category-noticias-en","category-equipo-en"],"_links":{"self":[{"href":"https:\/\/www.acotral.com\/en\/wp-json\/wp\/v2\/posts\/4734","targetHints":{"allow":["GET"]}}],"collection":[{"href":"https:\/\/www.acotral.com\/en\/wp-json\/wp\/v2\/posts"}],"about":[{"href":"https:\/\/www.acotral.com\/en\/wp-json\/wp\/v2\/types\/post"}],"author":[{"embeddable":true,"href":"https:\/\/www.acotral.com\/en\/wp-json\/wp\/v2\/users\/4"}],"replies":[{"embeddable":true,"href":"https:\/\/www.acotral.com\/en\/wp-json\/wp\/v2\/comments?post=4734"}],"version-history":[{"count":0,"href":"https:\/\/www.acotral.com\/en\/wp-json\/wp\/v2\/posts\/4734\/revisions"}],"wp:featuredmedia":[{"embeddable":true,"href":"https:\/\/www.acotral.com\/en\/wp-json\/wp\/v2\/media\/4314"}],"wp:attachment":[{"href":"https:\/\/www.acotral.com\/en\/wp-json\/wp\/v2\/media?parent=4734"}],"wp:term":[{"taxonomy":"category","embeddable":true,"href":"https:\/\/www.acotral.com\/en\/wp-json\/wp\/v2\/categories?post=4734"},{"taxonomy":"post_tag","embeddable":true,"href":"https:\/\/www.acotral.com\/en\/wp-json\/wp\/v2\/tags?post=4734"}],"curies":[{"name":"wp","href":"https:\/\/api.w.org\/{rel}","templated":true}]}}