{"id":4732,"date":"2019-06-06T12:13:12","date_gmt":"2019-06-06T10:13:12","guid":{"rendered":"https:\/\/www.acotral.com\/acotral-participa-en-el-proyecto-solidario-camioneros-contra-el-cancer\/"},"modified":"2019-06-06T12:13:12","modified_gmt":"2019-06-06T10:13:12","slug":"acotral-participa-en-el-proyecto-solidario-camioneros-contra-el-cancer","status":"publish","type":"post","link":"https:\/\/www.acotral.com\/en\/acotral-participa-en-el-proyecto-solidario-camioneros-contra-el-cancer\/","title":{"rendered":"ACOTRAL participa en el proyecto Solidario \u201cCAMIONEROS CONTRA EL C\u00c1NCER\u201d"},"content":{"rendered":"<p><strong><u>Antequera (M\u00e1laga),06 junio de 2019.-<\/u><\/strong> Fiel a su compromiso social, Acotral quiere aportar su grano de arena en el proyecto \u201cCamioneros contra el c\u00e1ncer\u201d. Se trata de una iniciativa liderada por Juan P\u00e9rez Luque, un camionero de Izn\u00e1jar, C\u00f3rdoba que, desde el 30 de mayo, va a recorrer Espa\u00f1a con un viejo Pegaso Europa de 1970, para recaudar fondos para la Asociaci\u00f3n Espa\u00f1ola Contra el C\u00e1ncer.<\/p>\n<p>&nbsp;<\/p>\n<p>Doce d\u00edas, doce etapas, doce ciudades y casi 4.000 kil\u00f3metros es el reto de este camionero que, junto a su padre, ha dedicado varios a\u00f1os a poner a punto el cami\u00f3n cuya lona servir\u00e1 de peculiar valla publicitaria para que cada uno colabore y aporte su donativo para la lucha contra el c\u00e1ncer.<\/p>\n<p>&nbsp;<\/p>\n<p>Comenz\u00f3 su andadura en Izn\u00e1jar para concluir doce d\u00edas despu\u00e9s en M\u00e1laga. Y no estar\u00e1 solo sino que cuenta con el respaldo del gremio. Muchos compa\u00f1eros ya le han comunicado su intenci\u00f3n de acompa\u00f1arle en las etapas de sus respectivas ciudades.<\/p>\n<p>&nbsp;<\/p>\n<p>Igual que Acotral contribuye econ\u00f3micamente a este proyecto, todo aquel que quiera participar lo puede hacer a trav\u00e9s de la p\u00e1gina de Facebook Camioner@s contra el c\u00e1ncer<\/p>\n<p>&nbsp;<\/p>\n","protected":false},"excerpt":{"rendered":"<p>Antequera (M\u00e1laga),06 junio de 2019.- Fiel a su compromiso social, Acotral quiere aportar su grano de arena en el proyecto \u201cCamioneros contra el c\u00e1ncer\u201d. Se trata de una iniciativa liderada por Juan P\u00e9rez Luque, un camionero de Izn\u00e1jar, C\u00f3rdoba que, desde el 30 de mayo,&#8230;<\/p>\n","protected":false},"author":4,"featured_media":4437,"comment_status":"open","ping_status":"open","sticky":false,"template":"","format":"standard","meta":{"ngg_post_thumbnail":0,"footnotes":""},"categories":[83],"tags":[],"class_list":["post-4732","post","type-post","status-publish","format-standard","has-post-thumbnail","hentry","category-noticias-en"],"_links":{"self":[{"href":"https:\/\/www.acotral.com\/en\/wp-json\/wp\/v2\/posts\/4732","targetHints":{"allow":["GET"]}}],"collection":[{"href":"https:\/\/www.acotral.com\/en\/wp-json\/wp\/v2\/posts"}],"about":[{"href":"https:\/\/www.acotral.com\/en\/wp-json\/wp\/v2\/types\/post"}],"author":[{"embeddable":true,"href":"https:\/\/www.acotral.com\/en\/wp-json\/wp\/v2\/users\/4"}],"replies":[{"embeddable":true,"href":"https:\/\/www.acotral.com\/en\/wp-json\/wp\/v2\/comments?post=4732"}],"version-history":[{"count":0,"href":"https:\/\/www.acotral.com\/en\/wp-json\/wp\/v2\/posts\/4732\/revisions"}],"wp:featuredmedia":[{"embeddable":true,"href":"https:\/\/www.acotral.com\/en\/wp-json\/wp\/v2\/media\/4437"}],"wp:attachment":[{"href":"https:\/\/www.acotral.com\/en\/wp-json\/wp\/v2\/media?parent=4732"}],"wp:term":[{"taxonomy":"category","embeddable":true,"href":"https:\/\/www.acotral.com\/en\/wp-json\/wp\/v2\/categories?post=4732"},{"taxonomy":"post_tag","embeddable":true,"href":"https:\/\/www.acotral.com\/en\/wp-json\/wp\/v2\/tags?post=4732"}],"curies":[{"name":"wp","href":"https:\/\/api.w.org\/{rel}","templated":true}]}}