{"id":2952,"date":"2019-02-02T12:38:09","date_gmt":"2019-02-02T11:38:09","guid":{"rendered":"https:\/\/www.acotral.com\/29-enero-2019-entran-en-vigor-los-nuevos-limites-de-velocidad-en-carreteras-convecionales\/"},"modified":"2019-06-05T12:37:26","modified_gmt":"2019-06-05T10:37:26","slug":"29-enero-2019-entran-en-vigor-los-nuevos-limites-de-velocidad-en-carreteras-convecionales","status":"publish","type":"post","link":"https:\/\/www.acotral.com\/en\/29-enero-2019-entran-en-vigor-los-nuevos-limites-de-velocidad-en-carreteras-convecionales\/","title":{"rendered":"29 Enero 2019, entran en vigor los nuevos l\u00edmites de velocidad en carreteras convecionales"},"content":{"rendered":"<p>El l\u00edmite m\u00e1ximo de\u00a0<a href=\"https:\/\/www.elperiodico.com\/es\/sociedad\/20181227\/el-gobierno-aprueba-manana-la-bajada-de-90-a-80-kilometros-por-hora-en-vias-secundarias-7220667\">velocidad a 90 km\/h en todas las carreteras convencionales<\/a>\u00a0(es decir, de un carril por sentido y sin desdoblar) para coches, motos y autobuses entrar\u00e1 en vigor este martes, 29 de enero, lo cual afectar\u00e1 a unos 10.000 de los cerca de 165.000 kil\u00f3metros que forman la red viaria de Espa\u00f1a. Esta medida es la\u00a0primera de un paquete de reformas\u00a0puntuales que prepara la Direcci\u00f3n General de Tr\u00e1fico (DGT) para los pr\u00f3ximos meses. Los directores generales de Tr\u00e1fico y de Carreteras, Pere Navarro y Javier Herrero, respectivamente, cambiar\u00e1n este lunes la \u00faltima se\u00f1al de limitaci\u00f3n de\u00a0velocidad de 100 km\/h por una de 90 km\/h\u00a0en la Red de Carreteras del Estado. Lo har\u00e1n en el punto kilom\u00e9trico 44,120 de la N-6.<\/p>\n<p>Este martes se igualar\u00e1 el l\u00edmite de velocidad en todas las carreteras convencionales a 90 km\/h para coches, motos, autobuses, autocaravanas de masa m\u00e1xima autorizada igual o inferior a 3.500 kilos, pick-up, veh\u00edculos derivados de turismo y veh\u00edculos mixtos adaptables.\u00a0El tope ser\u00e1 de 80 km\/h\u00a0para camiones, tractocamiones, furgonetas, autocaravanas de masa m\u00e1xima autorizada superiora 3.500 kilos, veh\u00edculos articulados, autom\u00f3viles con remolque y resto de veh\u00edculos.<\/p>\n<p>Noticia completa en\u00a0\u00a0<a href=\"https:\/\/www.elperiodico.com\/es\/sociedad\/20190128\/velocidad-carreteras-90-kilometros-por-hora-7271256\">https:\/\/www.elperiodico.com\/es\/sociedad\/20190128\/velocidad-carreteras-90-kilometros-por-hora-7271256<\/a><\/p>\n","protected":false},"excerpt":{"rendered":"<p>El l\u00edmite m\u00e1ximo de\u00a0velocidad a 90 km\/h en todas las carreteras convencionales\u00a0(es decir, de un carril por sentido y sin desdoblar) para coches, motos y autobuses entrar\u00e1 en vigor este martes, 29 de enero, lo cual afectar\u00e1 a unos 10.000 de los cerca de 165.000&#8230;<\/p>\n","protected":false},"author":4,"featured_media":2943,"comment_status":"open","ping_status":"open","sticky":false,"template":"","format":"standard","meta":{"ngg_post_thumbnail":0,"footnotes":""},"categories":[82,76],"tags":[],"class_list":["post-2952","post","type-post","status-publish","format-standard","has-post-thumbnail","hentry","category-salud-medioambiente-en","category-servicios-carretera-en"],"_links":{"self":[{"href":"https:\/\/www.acotral.com\/en\/wp-json\/wp\/v2\/posts\/2952","targetHints":{"allow":["GET"]}}],"collection":[{"href":"https:\/\/www.acotral.com\/en\/wp-json\/wp\/v2\/posts"}],"about":[{"href":"https:\/\/www.acotral.com\/en\/wp-json\/wp\/v2\/types\/post"}],"author":[{"embeddable":true,"href":"https:\/\/www.acotral.com\/en\/wp-json\/wp\/v2\/users\/4"}],"replies":[{"embeddable":true,"href":"https:\/\/www.acotral.com\/en\/wp-json\/wp\/v2\/comments?post=2952"}],"version-history":[{"count":1,"href":"https:\/\/www.acotral.com\/en\/wp-json\/wp\/v2\/posts\/2952\/revisions"}],"predecessor-version":[{"id":4362,"href":"https:\/\/www.acotral.com\/en\/wp-json\/wp\/v2\/posts\/2952\/revisions\/4362"}],"wp:featuredmedia":[{"embeddable":true,"href":"https:\/\/www.acotral.com\/en\/wp-json\/wp\/v2\/media\/2943"}],"wp:attachment":[{"href":"https:\/\/www.acotral.com\/en\/wp-json\/wp\/v2\/media?parent=2952"}],"wp:term":[{"taxonomy":"category","embeddable":true,"href":"https:\/\/www.acotral.com\/en\/wp-json\/wp\/v2\/categories?post=2952"},{"taxonomy":"post_tag","embeddable":true,"href":"https:\/\/www.acotral.com\/en\/wp-json\/wp\/v2\/tags?post=2952"}],"curies":[{"name":"wp","href":"https:\/\/api.w.org\/{rel}","templated":true}]}}